{"id":3853,"date":"2026-04-28T15:34:34","date_gmt":"2026-04-28T13:34:34","guid":{"rendered":"https:\/\/unilac-mahagi.org\/?p=3853"},"modified":"2026-04-28T15:34:35","modified_gmt":"2026-04-28T13:34:35","slug":"unilac-mahagi-un-modele-davenir-salue-par-s-exc-mgr-dieudonne-madrapile-tanzi","status":"publish","type":"post","link":"https:\/\/unilac-mahagi.org\/?p=3853","title":{"rendered":"UNILAC Mahagi : un mod\u00e8le d\u2019avenir salu\u00e9 par S. Exc. Mgr Dieudonn\u00e9 Madrapile Tanzi"},"content":{"rendered":"\n<p><strong>L\u2019Universit\u00e9 du Lac Albert de Mahagi a accueilli, ce mardi 28 avril 2026, une visite de marque. Son Excellence Mgr Dieudonn\u00e9 Madrapile Tanzi, \u00e9v\u00eaque du dioc\u00e8se d\u2019Isiro-Niangara<\/strong><\/p>\n\n\n\n<p>Cette visite s\u2019inscrit dans le cadre de son passage \u00e0 Mahagi, alors qu\u2019il revenait de Mambasa o\u00f9 il avait pris part aux activit\u00e9s li\u00e9es \u00e0 la prise de possession canonique du dioc\u00e8se de Wamba par son nouvel \u00e9v\u00eaque, Emmanuel Ngona.<\/p>\n\n\n\n<p>Accompagn\u00e9 du R\u00e9v\u00e9rend P\u00e8re Paco Ostos, le pr\u00e9lat a \u00e9t\u00e9 chaleureusement accueilli par les autorit\u00e9s acad\u00e9miques de l\u2019universit\u00e9, sous la conduite de l\u2019Abb\u00e9 Recteur, le Professeur Godefroy Upartho.<\/p>\n\n\n\n<p>Au cours de cette visite l\u2019\u00e9v\u00eaque a parcouru plusieurs installations cl\u00e9s de l\u2019universit\u00e9, notamment les auditoires, la chapelle, la biblioth\u00e8que, les laboratoires, la centrale photovolta\u00efque, le complexe scolaire, la guest house ainsi que le BATAM. Cette visite lui a permis de se faire une id\u00e9e concr\u00e8te du fonctionnement et des capacit\u00e9s de cette jeune universit\u00e9 en pleine croissance.<\/p>\n\n\n\n<p>S\u2019exprimant devant la presse universitaire, Mgr Dieudonn\u00e9 Madrapile Tanzi a soulign\u00e9 le r\u00f4le fondamental de l\u2019enseignement dans la mission de l\u2019\u00c9glise :<br>\u00ab L\u2019enseignement est au c\u0153ur de l\u2019\u00e9vang\u00e9lisation de l\u2019\u00c9glise dans le monde. Je suis heureux de visiter l\u2019UNILAC et de constater ce qui s\u2019y fait. \u00bb a-t-il rench\u00e9rit.<\/p>\n\n\n\n<p>L\u2019\u00e9v\u00eaque s\u2019est particuli\u00e8rement r\u00e9joui de la diversit\u00e9 des facult\u00e9s organis\u00e9es au sein de l\u2019institution, qu\u2019il consid\u00e8re comme un levier pour l\u2019avenir. Il a encourag\u00e9 l\u2019universit\u00e9 \u00e0 viser une formation de qualit\u00e9, orient\u00e9e vers la cr\u00e9ation d\u2019emplois plut\u00f4t que la d\u00e9pendance :<br><em>\u00ab Il faut former non pas seulement des demandeurs d\u2019emplois, mais des cr\u00e9ateurs d\u2019emplois. \u00bb<\/em><\/p>\n\n\n\n<p>Le pr\u00e9lat a \u00e9galement salu\u00e9 les initiatives pratiques observ\u00e9es dans certains domaines techniques, o\u00f9 des produits sont d\u00e9j\u00e0 r\u00e9alis\u00e9s par les \u00e9tudiants. Pour lui, ces efforts traduisent une dynamique prometteuse vers une formation plus professionnalisante et adapt\u00e9e aux r\u00e9alit\u00e9s locales.<\/p>\n\n\n\n<p>S\u2019adressant particuli\u00e8rement aux jeunes, Mgr Dieudonn\u00e9 Madrapile Tanzi a insist\u00e9 sur la responsabilit\u00e9 individuelle et collective dans la construction de la soci\u00e9t\u00e9 :<br><em>\u00ab Les jeunes doivent prendre conscience qu\u2019ils sont l\u2019avenir de l\u2019\u00c9glise et de la soci\u00e9t\u00e9. Ils doivent cultiver un sens \u00e9lev\u00e9 de responsabilit\u00e9, de s\u00e9rieux et de civisme. \u00bb<\/em><\/p>\n\n\n\n<p>Dans un contexte marqu\u00e9 par ce qu\u2019il qualifie de <em>\u00ab crise de mod\u00e8le <\/em>\u00bb, l\u2019\u00e9v\u00eaque a invit\u00e9 la jeunesse \u00e0 devenir elle-m\u00eame un mod\u00e8le pour la soci\u00e9t\u00e9 congolaise, en misant sur l\u2019excellence, la discipline et l\u2019engagement citoyen.<\/p>\n\n\n\n<p><strong>David Unencan<\/strong><\/p>\n\n    <div class=\"xs_social_share_widget xs_share_url after_content \t\tmain_content  wslu-style-1 wslu-share-box-shaped wslu-fill-colored wslu-none wslu-share-horizontal wslu-theme-font-no wslu-main_content\">\n\n\t\t\n        <ul>\n\t\t\t        <\/ul>\n    <\/div> \n","protected":false},"excerpt":{"rendered":"<p>L\u2019Universit\u00e9 du Lac Albert de Mahagi a accueilli, ce mardi 28 avril 2026, une visite de marque. Son Excellence Mgr Dieudonn\u00e9 Madrapile Tanzi, \u00e9v\u00eaque du dioc\u00e8se d\u2019Isiro-Niangara Cette visite s\u2019inscrit dans le cadre de son passage \u00e0 Mahagi, alors qu\u2019il revenait de Mambasa o\u00f9 il avait pris part aux activit\u00e9s li\u00e9es \u00e0 la prise de&#8230;<\/p>\n","protected":false},"author":2,"featured_media":3854,"comment_status":"open","ping_status":"open","sticky":false,"template":"","format":"standard","meta":{"_eb_attr":"","om_disable_all_campaigns":false,"_monsterinsights_skip_tracking":false,"_monsterinsights_sitenote_active":false,"_monsterinsights_sitenote_note":"","_monsterinsights_sitenote_category":0,"footnotes":""},"categories":[1],"tags":[],"class_list":["post-3853","post","type-post","status-publish","format-standard","has-post-thumbnail","hentry","category-info"],"_links":{"self":[{"href":"https:\/\/unilac-mahagi.org\/index.php?rest_route=\/wp\/v2\/posts\/3853","targetHints":{"allow":["GET"]}}],"collection":[{"href":"https:\/\/unilac-mahagi.org\/index.php?rest_route=\/wp\/v2\/posts"}],"about":[{"href":"https:\/\/unilac-mahagi.org\/index.php?rest_route=\/wp\/v2\/types\/post"}],"author":[{"embeddable":true,"href":"https:\/\/unilac-mahagi.org\/index.php?rest_route=\/wp\/v2\/users\/2"}],"replies":[{"embeddable":true,"href":"https:\/\/unilac-mahagi.org\/index.php?rest_route=%2Fwp%2Fv2%2Fcomments&post=3853"}],"version-history":[{"count":2,"href":"https:\/\/unilac-mahagi.org\/index.php?rest_route=\/wp\/v2\/posts\/3853\/revisions"}],"predecessor-version":[{"id":3856,"href":"https:\/\/unilac-mahagi.org\/index.php?rest_route=\/wp\/v2\/posts\/3853\/revisions\/3856"}],"wp:featuredmedia":[{"embeddable":true,"href":"https:\/\/unilac-mahagi.org\/index.php?rest_route=\/wp\/v2\/media\/3854"}],"wp:attachment":[{"href":"https:\/\/unilac-mahagi.org\/index.php?rest_route=%2Fwp%2Fv2%2Fmedia&parent=3853"}],"wp:term":[{"taxonomy":"category","embeddable":true,"href":"https:\/\/unilac-mahagi.org\/index.php?rest_route=%2Fwp%2Fv2%2Fcategories&post=3853"},{"taxonomy":"post_tag","embeddable":true,"href":"https:\/\/unilac-mahagi.org\/index.php?rest_route=%2Fwp%2Fv2%2Ftags&post=3853"}],"curies":[{"name":"wp","href":"https:\/\/api.w.org\/{rel}","templated":true}]}}